{"id":156,"date":"2024-02-10T17:26:11","date_gmt":"2024-02-10T15:26:11","guid":{"rendered":"https:\/\/www.latsocpartija.lv\/lv\/?p=156"},"modified":"2024-02-10T17:26:12","modified_gmt":"2024-02-10T15:26:12","slug":"adamsonu-atzist-par-vainigu-spiegosana-piespriez-astonus-gadus-cietuma","status":"publish","type":"post","link":"https:\/\/www.latsocpartija.lv\/lv\/adamsonu-atzist-par-vainigu-spiegosana-piespriez-astonus-gadus-cietuma\/","title":{"rendered":"\u0100damsonu atz\u012bst par vain\u012bgu spiego\u0161an\u0101; piesprie\u017e asto\u0146us gadus cietum\u0101 \u00a0"},"content":{"rendered":"\n<p>R\u012bgas pils\u0113tas tiesa ceturtdien, 9. novembr\u012b, pasludin\u0101ja sa\u012bsin\u0101to spriedumu liet\u0101, kur\u0101 par spiego\u0161anu, sve\u0161as mantas ieg\u016b\u0161anu ar viltu neliel\u0101 apm\u0113r\u0101, \u0161aujamiero\u010du mun\u012bcijas ieg\u0101d\u0101\u0161anos un glab\u0101\u0161anu bez attiec\u012bgas at\u013caujas aps\u016bdz\u0113ts biju\u0161ais Saeimas deput\u0101ts J\u0101nis \u0100damsons. Tiesa nol\u0113ma vi\u0146am piem\u0113rot asto\u0146u gadu un se\u0161u m\u0113ne\u0161u cietumsodu, k\u0101 ar\u012b prob\u0101cijas uzraudz\u012bbu uz diviem gadiem, port\u0101lu &#8220;Delfi&#8221; inform\u0113ja Tiesu administr\u0101cijas p\u0101rst\u0101ve In\u0101ra Mak\u0101rova.<\/p>\n\n\n\n<p>Liet\u0101 par vain\u012bgu atz\u012bts ar\u012b Krievijas pilsonis Gen\u0101dijs Silonovs, kur\u0161 ir izbijis VDK darbinieks.<\/p>\n\n\n\n<p>Silonovu par spiego\u0161anu tiesa noties\u0101ja un sod\u012bja ar br\u012bv\u012bbas at\u0146em\u0161anu uz septi\u0146iem gadiem un se\u0161iem m\u0113ne\u0161iem, ar prob\u0101cijas uzraudz\u012bbu uz diviem gadiem.<\/p>\n\n\n\n<p>Tiesas izmekl\u0113\u0161an\u0101 apstiprin\u0101j\u0101s aps\u016bdz\u012bb\u0101 nor\u0101d\u012btie apst\u0101k\u013ci, kas bija par pamataps\u016bdz\u012bbas cel\u0161anai abiem aps\u016bdz\u0113tajiem. Tiesa vi\u0146u darb\u012bb\u0101s konstat\u0113ja noziedz\u012bgo nodar\u012bjumu sast\u0101vu.<\/p>\n\n\n\n<blockquote class=\"wp-block-quote is-layout-flow wp-block-quote-is-layout-flow\">\n<p>J\u0101nis \u0100damsons nelikum\u012bgi, sistem\u0101tiski un m\u0113r\u0137tiec\u012bgi v\u0101ca un ar Krievijas pilso\u0146a, biju\u0161\u0101 Latvijas Padomju Soci\u0101listisk\u0101s Republikas Valsts dro\u0161\u012bbas komitejas darbinieka Gen\u0101dija Silonova starpniec\u012bbu nodeva neizpau\u017eam\u0101s zi\u0146as, k\u0101 ar\u012b citas zi\u0146as \u0101rvalsts izl\u016bkdienestam \u2013 Krievijas Feder\u0101cijas Feder\u0101lajam dro\u0161\u012bbas dienestam.<\/p>\n<\/blockquote>\n\n\n\n<p>&#8211; R\u012bgas pils\u0113tas tiesas tiesnesis Erlens Ernstsons<\/p>\n\n\n\n<p>&#8220;Savuk\u0101rt Gen\u0101dijs Silonovs veica neizpau\u017eamu zi\u0146u, k\u0101 ar\u012b citu zi\u0146u nelikum\u012bgu v\u0101k\u0161anu min\u0113tajam izl\u016bkdienestam tie\u0161i un t\u0101 uzdevum\u0101. Min\u0113t\u0101s zi\u0146as ar\u012b satur\u0113ja un sniedza detaliz\u0113tu ieskatu par Latvijas valsts iest\u0101\u017eu, ties\u012bbu aizsardz\u012bbas iest\u0101\u017eu un valsts dro\u0161\u012bbas iest\u0101\u017eu darbu, k\u0101 ar\u012b valsts aizsardz\u012bbas sist\u0113mu. \u0160\u012bs zi\u0146as saskan ar Nacion\u0101l\u0101s dro\u0161\u012bbas koncepcij\u0101 identific\u0113tajiem Krievijas Feder\u0101cijas specdienestu m\u0113r\u0137iem pret Latvijas Republiku. T\u0101pat tiesa konstat\u0113ja, ka J\u0101nis \u0100damsons nepamatoti piepras\u012bja un sa\u0146\u0113ma kompens\u0101ciju par transporta izdevumiem, nodarot Latvijas Republikas Saeimai mantisku zaud\u0113jumu, k\u0101 ar\u012b ieg\u0101d\u0101j\u0101s un sav\u0101 dz\u012bvesviet\u0101 nelikum\u012bgi, bez attiec\u012bgas at\u013caujas glab\u0101ja \u0161aujamiero\u010du mun\u012bciju \u2013 patronas, kas der\u012bgas \u0161au\u0161anai,&#8221; pauda Ernstsons.<\/p>\n\n\n\n<p>Jau v\u0113st\u012bts, ka \u0100damsonu aizdom\u0101s par spiego\u0161anu VDD aiztur\u0113ja 2021. gada vasar\u0101. P\u0113c aiztur\u0113\u0161anas tiesa politi\u0137im piem\u0113roja apcietin\u0101jumu, bet 2021. gada decembr\u012b deva iesp\u0113ju samaks\u0101t 30 000 eiro dro\u0161\u012bbas naudu, lai vi\u0146\u0161 var\u0113tu izk\u013c\u016bt br\u012bv\u012bb\u0101. Dro\u0161\u012bbas nauda tika samaks\u0101ta, un \u0100damsons 2022. gada janv\u0101r\u012b no apcietin\u0101juma tika atbr\u012bvots. Toreiz prokurors politi\u0137im noteica papildu dro\u0161\u012bbas l\u012bdzek\u013cus.<\/p>\n\n\n\n<p>Saeimas vair\u0101kums 2021. gada decembr\u012b p\u0113c \u0122ener\u0101lprokurat\u016bras l\u016bguma at\u013c\u0101va s\u0101kt krimin\u0101lvaj\u0101\u0161anu pret \u0100damsonu. \u0100damsons p\u0113c apcietin\u0101\u0161anas nol\u0113ma izst\u0101ties no partijas &#8220;Saska\u0146a&#8221;, bet nenolika Saeimas deput\u0101ta mand\u0101tu.<\/p>\n\n\n\n<p>\u0100damsons parlament\u0101 darboj\u0101s Aizsardz\u012bbas, iek\u0161lietu un korupcijas nov\u0113r\u0161anas komisij\u0101, Piepras\u012bjumu komisij\u0101 un Baltijas lietu apak\u0161komisij\u0101. Lai gan \u0100damsonam nebija pielaides valsts nosl\u0113pumam, vi\u0146am bija ties\u012bbas piedal\u012bties Saeimas Aizsardz\u012bbas, iek\u0161lietu un korupcijas nov\u0113r\u0161anas komisijas s\u0113d\u0113s, kur\u0101s amatpersonas prezent\u0113 ierobe\u017eotas pieejam\u012bbas inform\u0101ciju.<\/p>\n\n\n\n<p>T\u0101pat vi\u0146\u0161 darboj\u0101s vair\u0101k\u0101s deput\u0101tu grup\u0101s. Vi\u0146\u0161 k\u0101 parlament\u0101rietis darboj\u0101s deput\u0101tu grup\u0101 sadarb\u012bbas veicin\u0101\u0161anai ar Izra\u0113las parlamentu, \u0136\u012bnas parlamentu un Baltkrievijas parlamentu. No 2019.gada janv\u0101ra \u0100damsons bija deput\u0101tu grupas vad\u012bt\u0101js sadarb\u012bbas veicin\u0101\u0161anai ar Krievijas parlamentu.<\/p>\n\n\n\n<p>Padomju laik\u0101 \u0100damsons ie\u0146\u0113ma da\u017e\u0101dus poste\u0146us PSRS J\u016bras kara flot\u0113. P\u0113c Latvijas neatkar\u012bbas atjauno\u0161anas \u0100damsons bija gan Latvijas J\u016bras sp\u0113ku komandiera vietnieks, gan ar\u012b Robe\u017esargu brig\u0101des komandieris, bet v\u0113l\u0101k piev\u0113rs\u0101s politikai. \u0100damsons aizvien sa\u0146em Krievijas maks\u0101to milit\u0101ro pensiju.<\/p>\n","protected":false},"excerpt":{"rendered":"<p>R\u012bgas pils\u0113tas tiesa ceturtdien, 9. novembr\u012b, pasludin\u0101ja sa\u012bsin\u0101to spriedumu liet\u0101, kur\u0101 par spiego\u0161anu, sve\u0161as mantas ieg\u016b\u0161anu ar viltu neliel\u0101 apm\u0113r\u0101, \u0161aujamiero\u010du mun\u012bcijas ieg\u0101d\u0101\u0161anos un glab\u0101\u0161anu bez attiec\u012bgas at\u013caujas aps\u016bdz\u0113ts biju\u0161ais Saeimas deput\u0101ts J\u0101nis \u0100damsons. Tiesa nol\u0113ma vi\u0146am piem\u0113rot asto\u0146u gadu un se\u0161u m\u0113ne\u0161u cietumsodu, k\u0101 ar\u012b prob\u0101cijas uzraudz\u012bbu uz diviem gadiem, port\u0101lu &#8220;Delfi&#8221; inform\u0113ja Tiesu &hellip; <\/p>\n<p class=\"link-more\"><a href=\"https:\/\/www.latsocpartija.lv\/lv\/adamsonu-atzist-par-vainigu-spiegosana-piespriez-astonus-gadus-cietuma\/\" class=\"more-link\">Turpin\u0101t las\u012bt<span class=\"screen-reader-text\"> &#8220;\u0100damsonu atz\u012bst par vain\u012bgu spiego\u0161an\u0101; piesprie\u017e asto\u0146us gadus cietum\u0101 \u00a0&#8220;<\/span><\/a><\/p>\n","protected":false},"author":1,"featured_media":0,"comment_status":"open","ping_status":"open","sticky":false,"template":"","format":"standard","meta":{"footnotes":""},"categories":[6],"tags":[],"class_list":["post-156","post","type-post","status-publish","format-standard","hentry","category-saskana"],"yoast_head":"<!-- This site is optimized with the Yoast SEO plugin v26.3 - https:\/\/yoast.com\/wordpress\/plugins\/seo\/ -->\n<title>\u0100damsonu atz\u012bst par vain\u012bgu spiego\u0161an\u0101; piesprie\u017e asto\u0146us gadus cietum\u0101 \u00a0 - NESASKA\u0145A<\/title>\n<meta name=\"robots\" content=\"index, follow, max-snippet:-1, max-image-preview:large, max-video-preview:-1\" \/>\n<link rel=\"canonical\" href=\"https:\/\/www.latsocpartija.lv\/lv\/adamsonu-atzist-par-vainigu-spiegosana-piespriez-astonus-gadus-cietuma\/\" \/>\n<meta property=\"og:locale\" content=\"lv_LV\" \/>\n<meta property=\"og:type\" content=\"article\" \/>\n<meta property=\"og:title\" content=\"\u0100damsonu atz\u012bst par vain\u012bgu spiego\u0161an\u0101; piesprie\u017e asto\u0146us gadus cietum\u0101 \u00a0 - NESASKA\u0145A\" \/>\n<meta property=\"og:description\" content=\"R\u012bgas pils\u0113tas tiesa ceturtdien, 9. novembr\u012b, pasludin\u0101ja sa\u012bsin\u0101to spriedumu liet\u0101, kur\u0101 par spiego\u0161anu, sve\u0161as mantas ieg\u016b\u0161anu ar viltu neliel\u0101 apm\u0113r\u0101, \u0161aujamiero\u010du mun\u012bcijas ieg\u0101d\u0101\u0161anos un glab\u0101\u0161anu bez attiec\u012bgas at\u013caujas aps\u016bdz\u0113ts biju\u0161ais Saeimas deput\u0101ts J\u0101nis \u0100damsons. Tiesa nol\u0113ma vi\u0146am piem\u0113rot asto\u0146u gadu un se\u0161u m\u0113ne\u0161u cietumsodu, k\u0101 ar\u012b prob\u0101cijas uzraudz\u012bbu uz diviem gadiem, port\u0101lu &#8220;Delfi&#8221; inform\u0113ja Tiesu &hellip; Turpin\u0101t las\u012bt &quot;\u0100damsonu atz\u012bst par vain\u012bgu spiego\u0161an\u0101; piesprie\u017e asto\u0146us gadus cietum\u0101 \u00a0&quot;\" \/>\n<meta property=\"og:url\" content=\"https:\/\/www.latsocpartija.lv\/lv\/adamsonu-atzist-par-vainigu-spiegosana-piespriez-astonus-gadus-cietuma\/\" \/>\n<meta property=\"og:site_name\" content=\"NESASKA\u0145A\" \/>\n<meta property=\"article:published_time\" content=\"2024-02-10T15:26:11+00:00\" \/>\n<meta property=\"article:modified_time\" content=\"2024-02-10T15:26:12+00:00\" \/>\n<meta name=\"author\" content=\"admin\" \/>\n<meta name=\"twitter:card\" content=\"summary_large_image\" \/>\n<meta name=\"twitter:label1\" content=\"Written by\" \/>\n\t<meta name=\"twitter:data1\" content=\"admin\" \/>\n\t<meta name=\"twitter:label2\" content=\"Est. reading time\" \/>\n\t<meta name=\"twitter:data2\" content=\"3 min\u016btes\" \/>\n<script type=\"application\/ld+json\" class=\"yoast-schema-graph\">{\"@context\":\"https:\/\/schema.org\",\"@graph\":[{\"@type\":\"Article\",\"@id\":\"https:\/\/www.latsocpartija.lv\/lv\/adamsonu-atzist-par-vainigu-spiegosana-piespriez-astonus-gadus-cietuma\/#article\",\"isPartOf\":{\"@id\":\"https:\/\/www.latsocpartija.lv\/lv\/adamsonu-atzist-par-vainigu-spiegosana-piespriez-astonus-gadus-cietuma\/\"},\"author\":{\"name\":\"admin\",\"@id\":\"https:\/\/www.latsocpartija.lv\/lv\/#\/schema\/person\/7fa62daa2f7b9779fba52779cbc1ac72\"},\"headline\":\"\u0100damsonu atz\u012bst par vain\u012bgu spiego\u0161an\u0101; piesprie\u017e asto\u0146us gadus cietum\u0101 \u00a0\",\"datePublished\":\"2024-02-10T15:26:11+00:00\",\"dateModified\":\"2024-02-10T15:26:12+00:00\",\"mainEntityOfPage\":{\"@id\":\"https:\/\/www.latsocpartija.lv\/lv\/adamsonu-atzist-par-vainigu-spiegosana-piespriez-astonus-gadus-cietuma\/\"},\"wordCount\":703,\"commentCount\":0,\"publisher\":{\"@id\":\"https:\/\/www.latsocpartija.lv\/lv\/#\/schema\/person\/7fa62daa2f7b9779fba52779cbc1ac72\"},\"articleSection\":[\"Saska\u0146a\"],\"inLanguage\":\"lv-LV\",\"potentialAction\":[{\"@type\":\"CommentAction\",\"name\":\"Comment\",\"target\":[\"https:\/\/www.latsocpartija.lv\/lv\/adamsonu-atzist-par-vainigu-spiegosana-piespriez-astonus-gadus-cietuma\/#respond\"]}]},{\"@type\":\"WebPage\",\"@id\":\"https:\/\/www.latsocpartija.lv\/lv\/adamsonu-atzist-par-vainigu-spiegosana-piespriez-astonus-gadus-cietuma\/\",\"url\":\"https:\/\/www.latsocpartija.lv\/lv\/adamsonu-atzist-par-vainigu-spiegosana-piespriez-astonus-gadus-cietuma\/\",\"name\":\"\u0100damsonu atz\u012bst par vain\u012bgu spiego\u0161an\u0101; piesprie\u017e asto\u0146us gadus cietum\u0101 \u00a0 - NESASKA\u0145A\",\"isPartOf\":{\"@id\":\"https:\/\/www.latsocpartija.lv\/lv\/#website\"},\"datePublished\":\"2024-02-10T15:26:11+00:00\",\"dateModified\":\"2024-02-10T15:26:12+00:00\",\"breadcrumb\":{\"@id\":\"https:\/\/www.latsocpartija.lv\/lv\/adamsonu-atzist-par-vainigu-spiegosana-piespriez-astonus-gadus-cietuma\/#breadcrumb\"},\"inLanguage\":\"lv-LV\",\"potentialAction\":[{\"@type\":\"ReadAction\",\"target\":[\"https:\/\/www.latsocpartija.lv\/lv\/adamsonu-atzist-par-vainigu-spiegosana-piespriez-astonus-gadus-cietuma\/\"]}]},{\"@type\":\"BreadcrumbList\",\"@id\":\"https:\/\/www.latsocpartija.lv\/lv\/adamsonu-atzist-par-vainigu-spiegosana-piespriez-astonus-gadus-cietuma\/#breadcrumb\",\"itemListElement\":[{\"@type\":\"ListItem\",\"position\":1,\"name\":\"Home\",\"item\":\"https:\/\/www.latsocpartija.lv\/lv\/\"},{\"@type\":\"ListItem\",\"position\":2,\"name\":\"\u0100damsonu atz\u012bst par vain\u012bgu spiego\u0161an\u0101; piesprie\u017e asto\u0146us gadus cietum\u0101 \u00a0\"}]},{\"@type\":\"WebSite\",\"@id\":\"https:\/\/www.latsocpartija.lv\/lv\/#website\",\"url\":\"https:\/\/www.latsocpartija.lv\/lv\/\",\"name\":\"NESASKA\u0145A\",\"description\":\"\",\"publisher\":{\"@id\":\"https:\/\/www.latsocpartija.lv\/lv\/#\/schema\/person\/7fa62daa2f7b9779fba52779cbc1ac72\"},\"potentialAction\":[{\"@type\":\"SearchAction\",\"target\":{\"@type\":\"EntryPoint\",\"urlTemplate\":\"https:\/\/www.latsocpartija.lv\/lv\/?s={search_term_string}\"},\"query-input\":{\"@type\":\"PropertyValueSpecification\",\"valueRequired\":true,\"valueName\":\"search_term_string\"}}],\"inLanguage\":\"lv-LV\"},{\"@type\":[\"Person\",\"Organization\"],\"@id\":\"https:\/\/www.latsocpartija.lv\/lv\/#\/schema\/person\/7fa62daa2f7b9779fba52779cbc1ac72\",\"name\":\"admin\",\"logo\":{\"@id\":\"https:\/\/www.latsocpartija.lv\/lv\/#\/schema\/person\/image\/\"}}]}<\/script>\n<!-- \/ Yoast SEO plugin. -->","yoast_head_json":{"title":"\u0100damsonu atz\u012bst par vain\u012bgu spiego\u0161an\u0101; piesprie\u017e asto\u0146us gadus cietum\u0101 \u00a0 - NESASKA\u0145A","robots":{"index":"index","follow":"follow","max-snippet":"max-snippet:-1","max-image-preview":"max-image-preview:large","max-video-preview":"max-video-preview:-1"},"canonical":"https:\/\/www.latsocpartija.lv\/lv\/adamsonu-atzist-par-vainigu-spiegosana-piespriez-astonus-gadus-cietuma\/","og_locale":"lv_LV","og_type":"article","og_title":"\u0100damsonu atz\u012bst par vain\u012bgu spiego\u0161an\u0101; piesprie\u017e asto\u0146us gadus cietum\u0101 \u00a0 - NESASKA\u0145A","og_description":"R\u012bgas pils\u0113tas tiesa ceturtdien, 9. novembr\u012b, pasludin\u0101ja sa\u012bsin\u0101to spriedumu liet\u0101, kur\u0101 par spiego\u0161anu, sve\u0161as mantas ieg\u016b\u0161anu ar viltu neliel\u0101 apm\u0113r\u0101, \u0161aujamiero\u010du mun\u012bcijas ieg\u0101d\u0101\u0161anos un glab\u0101\u0161anu bez attiec\u012bgas at\u013caujas aps\u016bdz\u0113ts biju\u0161ais Saeimas deput\u0101ts J\u0101nis \u0100damsons. Tiesa nol\u0113ma vi\u0146am piem\u0113rot asto\u0146u gadu un se\u0161u m\u0113ne\u0161u cietumsodu, k\u0101 ar\u012b prob\u0101cijas uzraudz\u012bbu uz diviem gadiem, port\u0101lu &#8220;Delfi&#8221; inform\u0113ja Tiesu &hellip; Turpin\u0101t las\u012bt \"\u0100damsonu atz\u012bst par vain\u012bgu spiego\u0161an\u0101; piesprie\u017e asto\u0146us gadus cietum\u0101 \u00a0\"","og_url":"https:\/\/www.latsocpartija.lv\/lv\/adamsonu-atzist-par-vainigu-spiegosana-piespriez-astonus-gadus-cietuma\/","og_site_name":"NESASKA\u0145A","article_published_time":"2024-02-10T15:26:11+00:00","article_modified_time":"2024-02-10T15:26:12+00:00","author":"admin","twitter_card":"summary_large_image","twitter_misc":{"Written by":"admin","Est. reading time":"3 min\u016btes"},"schema":{"@context":"https:\/\/schema.org","@graph":[{"@type":"Article","@id":"https:\/\/www.latsocpartija.lv\/lv\/adamsonu-atzist-par-vainigu-spiegosana-piespriez-astonus-gadus-cietuma\/#article","isPartOf":{"@id":"https:\/\/www.latsocpartija.lv\/lv\/adamsonu-atzist-par-vainigu-spiegosana-piespriez-astonus-gadus-cietuma\/"},"author":{"name":"admin","@id":"https:\/\/www.latsocpartija.lv\/lv\/#\/schema\/person\/7fa62daa2f7b9779fba52779cbc1ac72"},"headline":"\u0100damsonu atz\u012bst par vain\u012bgu spiego\u0161an\u0101; piesprie\u017e asto\u0146us gadus cietum\u0101 \u00a0","datePublished":"2024-02-10T15:26:11+00:00","dateModified":"2024-02-10T15:26:12+00:00","mainEntityOfPage":{"@id":"https:\/\/www.latsocpartija.lv\/lv\/adamsonu-atzist-par-vainigu-spiegosana-piespriez-astonus-gadus-cietuma\/"},"wordCount":703,"commentCount":0,"publisher":{"@id":"https:\/\/www.latsocpartija.lv\/lv\/#\/schema\/person\/7fa62daa2f7b9779fba52779cbc1ac72"},"articleSection":["Saska\u0146a"],"inLanguage":"lv-LV","potentialAction":[{"@type":"CommentAction","name":"Comment","target":["https:\/\/www.latsocpartija.lv\/lv\/adamsonu-atzist-par-vainigu-spiegosana-piespriez-astonus-gadus-cietuma\/#respond"]}]},{"@type":"WebPage","@id":"https:\/\/www.latsocpartija.lv\/lv\/adamsonu-atzist-par-vainigu-spiegosana-piespriez-astonus-gadus-cietuma\/","url":"https:\/\/www.latsocpartija.lv\/lv\/adamsonu-atzist-par-vainigu-spiegosana-piespriez-astonus-gadus-cietuma\/","name":"\u0100damsonu atz\u012bst par vain\u012bgu spiego\u0161an\u0101; piesprie\u017e asto\u0146us gadus cietum\u0101 \u00a0 - NESASKA\u0145A","isPartOf":{"@id":"https:\/\/www.latsocpartija.lv\/lv\/#website"},"datePublished":"2024-02-10T15:26:11+00:00","dateModified":"2024-02-10T15:26:12+00:00","breadcrumb":{"@id":"https:\/\/www.latsocpartija.lv\/lv\/adamsonu-atzist-par-vainigu-spiegosana-piespriez-astonus-gadus-cietuma\/#breadcrumb"},"inLanguage":"lv-LV","potentialAction":[{"@type":"ReadAction","target":["https:\/\/www.latsocpartija.lv\/lv\/adamsonu-atzist-par-vainigu-spiegosana-piespriez-astonus-gadus-cietuma\/"]}]},{"@type":"BreadcrumbList","@id":"https:\/\/www.latsocpartija.lv\/lv\/adamsonu-atzist-par-vainigu-spiegosana-piespriez-astonus-gadus-cietuma\/#breadcrumb","itemListElement":[{"@type":"ListItem","position":1,"name":"Home","item":"https:\/\/www.latsocpartija.lv\/lv\/"},{"@type":"ListItem","position":2,"name":"\u0100damsonu atz\u012bst par vain\u012bgu spiego\u0161an\u0101; piesprie\u017e asto\u0146us gadus cietum\u0101 \u00a0"}]},{"@type":"WebSite","@id":"https:\/\/www.latsocpartija.lv\/lv\/#website","url":"https:\/\/www.latsocpartija.lv\/lv\/","name":"NESASKA\u0145A","description":"","publisher":{"@id":"https:\/\/www.latsocpartija.lv\/lv\/#\/schema\/person\/7fa62daa2f7b9779fba52779cbc1ac72"},"potentialAction":[{"@type":"SearchAction","target":{"@type":"EntryPoint","urlTemplate":"https:\/\/www.latsocpartija.lv\/lv\/?s={search_term_string}"},"query-input":{"@type":"PropertyValueSpecification","valueRequired":true,"valueName":"search_term_string"}}],"inLanguage":"lv-LV"},{"@type":["Person","Organization"],"@id":"https:\/\/www.latsocpartija.lv\/lv\/#\/schema\/person\/7fa62daa2f7b9779fba52779cbc1ac72","name":"admin","logo":{"@id":"https:\/\/www.latsocpartija.lv\/lv\/#\/schema\/person\/image\/"}}]}},"_links":{"self":[{"href":"https:\/\/www.latsocpartija.lv\/lv\/wp-json\/wp\/v2\/posts\/156","targetHints":{"allow":["GET"]}}],"collection":[{"href":"https:\/\/www.latsocpartija.lv\/lv\/wp-json\/wp\/v2\/posts"}],"about":[{"href":"https:\/\/www.latsocpartija.lv\/lv\/wp-json\/wp\/v2\/types\/post"}],"author":[{"embeddable":true,"href":"https:\/\/www.latsocpartija.lv\/lv\/wp-json\/wp\/v2\/users\/1"}],"replies":[{"embeddable":true,"href":"https:\/\/www.latsocpartija.lv\/lv\/wp-json\/wp\/v2\/comments?post=156"}],"version-history":[{"count":1,"href":"https:\/\/www.latsocpartija.lv\/lv\/wp-json\/wp\/v2\/posts\/156\/revisions"}],"predecessor-version":[{"id":157,"href":"https:\/\/www.latsocpartija.lv\/lv\/wp-json\/wp\/v2\/posts\/156\/revisions\/157"}],"wp:attachment":[{"href":"https:\/\/www.latsocpartija.lv\/lv\/wp-json\/wp\/v2\/media?parent=156"}],"wp:term":[{"taxonomy":"category","embeddable":true,"href":"https:\/\/www.latsocpartija.lv\/lv\/wp-json\/wp\/v2\/categories?post=156"},{"taxonomy":"post_tag","embeddable":true,"href":"https:\/\/www.latsocpartija.lv\/lv\/wp-json\/wp\/v2\/tags?post=156"}],"curies":[{"name":"wp","href":"https:\/\/api.w.org\/{rel}","templated":true}]}}